{"id":6629,"date":"2026-04-28T12:12:00","date_gmt":"2026-04-28T10:12:00","guid":{"rendered":"https:\/\/wirinsulaner.de\/?p=6629"},"modified":"2026-04-23T14:08:03","modified_gmt":"2026-04-23T12:08:03","slug":"foehrs-messeauftritte-in-diesem-jahr","status":"publish","type":"post","link":"https:\/\/wirinsulaner.de\/?p=6629","title":{"rendered":"F\u00f6hrs Messeauftritte in diesem Jahr"},"content":{"rendered":"<p>[et_pb_section fb_built=&#8220;1&#8243; theme_builder_area=&#8220;post_content&#8220; _builder_version=&#8220;4.27.6&#8243; _module_preset=&#8220;default&#8220;][et_pb_row _builder_version=&#8220;4.27.6&#8243; _module_preset=&#8220;default&#8220; theme_builder_area=&#8220;post_content&#8220;][et_pb_column _builder_version=&#8220;4.27.6&#8243; _module_preset=&#8220;default&#8220; type=&#8220;4_4&#8243; theme_builder_area=&#8220;post_content&#8220;][et_pb_text _builder_version=&#8220;4.27.6&#8243; _module_preset=&#8220;default&#8220; theme_builder_area=&#8220;post_content&#8220; hover_enabled=&#8220;0&#8243; sticky_enabled=&#8220;0&#8243;]<\/p>\n<p>Die F\u00f6hr Tourismus GmbH (FTG) pr\u00e4sentiert die Insel auch im Jahr 2026 auf verschiedenen Messen im In- und Ausland. Als Teil eines Gemeinschaftsstands der Nordsee-Tourismus-Service GmbH (NTS) informiert die FTG zusammen mit weiteren Destinationen \u00fcber Urlaubsm\u00f6glichkeiten an der Nordsee. Den Abschluss der diesj\u00e4hrigen Messeaktivit\u00e4ten bildet der Hamburger Hafengeburtstag vom 8. bis 10. Mai.<\/p>\n<p>Zu Beginn des Jahres war die FTG mit eigenem Personal auf der CMT Stuttgart vom 17. bis 25. Januar vertreten, gefolgt von der ABF Hannover vom 11. bis 15. Februar sowie der Ferie for alle im d\u00e4nischen Herning vom 20. bis 22. Februar. Erg\u00e4nzend wurde Informationsmaterial der Insel auf der Ferien-Messe Wien vom 15. bis 18. Januar, der FESPO Z\u00fcrich vom 30. Januar bis 2. Februar sowie der f.re.e M\u00fcnchen vom 18. bis 22. Februar ausgelegt.<\/p>\n<p>Die bisherigen Messeauftritte waren durch eine gute Besuchsresonanz gepr\u00e4gt. Viele Interessierte nutzten die Gelegenheit, um sich ausf\u00fchrlich \u00fcber die Insel F\u00f6hr zu informieren und Fragen zu Unterkunftsm\u00f6glichkeiten, Veranstaltungen und weiteren Freizeitangeboten zu stellen. \u00bbDer pers\u00f6nliche Austausch mit potenziellen G\u00e4sten ist f\u00fcr uns sehr wertvoll. Die Gespr\u00e4che auf den bisherigen Messen zeigen, dass F\u00f6hr weiterhin auf gro\u00dfes Interesse st\u00f6\u00dft\u00ab, sagt Jochen Gemeinhardt, Gesch\u00e4ftsf\u00fchrer der FTG. \u00bbWir freuen uns daher auf die kommende Teilnahme am Hafengeburtstag in Hamburg, bei dem wir auch im vergangenen Jahr vertreten waren.\u00ab<\/p>\n<p>Bei dem Besuch des Hamburger Hafengeburtstags vom 8. bis 10. Mai ist die FTG erneut Teil des Gemeinschaftsstands der Nordsee-Tourismus-Service GmbH und schlie\u00dft dort ihre Messeaktivit\u00e4ten f\u00fcr das Jahr 2026 ab. Interessierte haben dort nochmals die M\u00f6glichkeit, sich \u00fcber das Urlaubsangebot auf F\u00f6hr sowie in weiteren Nordsee-Destinationen zu informieren.<\/p>\n<p>[\/et_pb_text][\/et_pb_column][\/et_pb_row][\/et_pb_section]<\/p>\n","protected":false},"excerpt":{"rendered":"<p>Die F\u00f6hr Tourismus GmbH (FTG) pr\u00e4sentiert die Insel auch im Jahr 2026 auf verschiedenen Messen im In- und Ausland. Als Teil eines Gemeinschaftsstands der Nordsee-Tourismus-Service GmbH (NTS) informiert die FTG zusammen mit weiteren Destinationen \u00fcber Urlaubsm\u00f6glichkeiten an der Nordsee. Den Abschluss der diesj\u00e4hrigen Messeaktivit\u00e4ten bildet der Hamburger Hafengeburtstag vom 8. bis 10. Mai.<\/p>\n","protected":false},"author":4,"featured_media":6591,"comment_status":"closed","ping_status":"open","sticky":false,"template":"","format":"standard","meta":{"_et_pb_use_builder":"on","_et_pb_old_content":"","_et_gb_content_width":"","footnotes":""},"categories":[16,5],"tags":[],"class_list":["post-6629","post","type-post","status-publish","format-standard","has-post-thumbnail","hentry","category-nachrichten","category-wyk"],"_links":{"self":[{"href":"https:\/\/wirinsulaner.de\/index.php?rest_route=\/wp\/v2\/posts\/6629","targetHints":{"allow":["GET"]}}],"collection":[{"href":"https:\/\/wirinsulaner.de\/index.php?rest_route=\/wp\/v2\/posts"}],"about":[{"href":"https:\/\/wirinsulaner.de\/index.php?rest_route=\/wp\/v2\/types\/post"}],"author":[{"embeddable":true,"href":"https:\/\/wirinsulaner.de\/index.php?rest_route=\/wp\/v2\/users\/4"}],"replies":[{"embeddable":true,"href":"https:\/\/wirinsulaner.de\/index.php?rest_route=%2Fwp%2Fv2%2Fcomments&post=6629"}],"version-history":[{"count":2,"href":"https:\/\/wirinsulaner.de\/index.php?rest_route=\/wp\/v2\/posts\/6629\/revisions"}],"predecessor-version":[{"id":6631,"href":"https:\/\/wirinsulaner.de\/index.php?rest_route=\/wp\/v2\/posts\/6629\/revisions\/6631"}],"wp:featuredmedia":[{"embeddable":true,"href":"https:\/\/wirinsulaner.de\/index.php?rest_route=\/wp\/v2\/media\/6591"}],"wp:attachment":[{"href":"https:\/\/wirinsulaner.de\/index.php?rest_route=%2Fwp%2Fv2%2Fmedia&parent=6629"}],"wp:term":[{"taxonomy":"category","embeddable":true,"href":"https:\/\/wirinsulaner.de\/index.php?rest_route=%2Fwp%2Fv2%2Fcategories&post=6629"},{"taxonomy":"post_tag","embeddable":true,"href":"https:\/\/wirinsulaner.de\/index.php?rest_route=%2Fwp%2Fv2%2Ftags&post=6629"}],"curies":[{"name":"wp","href":"https:\/\/api.w.org\/{rel}","templated":true}]}}