{"id":6632,"date":"2026-04-28T12:18:00","date_gmt":"2026-04-28T10:18:00","guid":{"rendered":"https:\/\/wirinsulaner.de\/?p=6632"},"modified":"2026-04-23T14:10:26","modified_gmt":"2026-04-23T12:10:26","slug":"ein-buntes-programm-mit-mueller-diplom","status":"publish","type":"post","link":"https:\/\/wirinsulaner.de\/?p=6632","title":{"rendered":"Ein buntes Programm mit M\u00fcller-Diplom"},"content":{"rendered":"<p>[et_pb_section fb_built=&#8220;1&#8243; theme_builder_area=&#8220;post_content&#8220; _builder_version=&#8220;4.27.6&#8243; _module_preset=&#8220;default&#8220;][et_pb_row _builder_version=&#8220;4.27.6&#8243; _module_preset=&#8220;default&#8220; theme_builder_area=&#8220;post_content&#8220;][et_pb_column _builder_version=&#8220;4.27.6&#8243; _module_preset=&#8220;default&#8220; type=&#8220;4_4&#8243; theme_builder_area=&#8220;post_content&#8220;][et_pb_text _builder_version=&#8220;4.27.6&#8243; _module_preset=&#8220;default&#8220; theme_builder_area=&#8220;post_content&#8220; hover_enabled=&#8220;0&#8243; sticky_enabled=&#8220;0&#8243;]<\/p>\n<p><em>Ina und Harald Baumgart sowie Wrixums B\u00fcrgermeisterin Heidi Braun (re.) mit dem Transparent, das auf das M\u00fcller-Diplom am M\u00fchlentag hinweist.<\/em><\/p>\n<p>Neben der historischen Bockwindm\u00fchle auf dem Gel\u00e4nde des Friesen-Museums gibt es auf F\u00f6hr noch vier weitere pr\u00e4chtige M\u00fchlen: In Wyk, in Oldsum, in Borgsum und in Wrixum. Die Wrixumer M\u00fchle \u2013 in seiner heutigen Form ein Erdholl\u00e4nder aus dem Jahr 1851 \u2013 ist allerdings die einzige M\u00fchle auf der Insel, in der noch Mehl gemahlen werden kann und bald auch wird. Denn Ina und Harald Baumgart vom M\u00fchlenverein sind gerade dabei, eine Ausbildung als ehrenamtliche M\u00fcllerin beziehungsweise ehrenamtlicher M\u00fcller zu machen. Um in der Lage zu sein, aus regionalem Korn Mehl zu mahlen und zum Verkauf anzubieten. Am Deutschen M\u00fchlentag, der immer am Pfingstmontag stattfindet und an dem auch die Wrixumer M\u00fchle stets beteiligt ist, werden sie insbesondere Kindern im Alter von 6 bis zu 12 Jahren das Mahlwerk anschaulich erkl\u00e4ren. Um ihnen nach einigen Pr\u00fcfungsaufgaben anschlie\u00dfend das M\u00fcller-Diplom aush\u00e4ndigen zu k\u00f6nnen.<br \/>Am M\u00fchlentag sollen die Kinder in der Wrixumer M\u00fchle einmal hautnah erfahren, wie fr\u00fcher das Mehl gemahlen wurde. Am Mahl- oder auch Reibstein werden sie deshalb selbst arbeiten, um das alte Handwerk auf eine praktische Weise kennenzulernen. Und vielleicht l\u00e4sst sich auch \u00bbHugo \u2013 Der Wrixumer M\u00fchlengeist\u00ab blicken. Unter diesem Titel hat Ina Baumart n\u00e4mlich ein M\u00e4rchen von Nadja J\u00fcrgens weitererz\u00e4hlt, illustriert und als kleines B\u00fcchlein ver\u00f6ffentlicht.<br \/>Das wird aber nicht das Einzige sein, was das Programm am M\u00fchlentag in Wrixum von 11 bis 16 Uhr zu bieten hat. Die Trachtengruppe kommt, es gibt zwei Auff\u00fchrungen des Puppentheaters und auch Live-Musik \u2013 und St\u00e4nde mit den unterschiedlichsten Angeboten wie Kunsthandwerk sowie Essen und Trinken.<br \/>Ina und Harald Baumgart kommen aus Walsrode in Niedersachsen, haben lange in Hamburg gelebt und zehn Jahre in Dortmund. Eigentlich hatte Ina Baumgart auf Lehramt studiert, aber nie als Lehrerin gearbeitet, sondern als EDV-Projektleiterin. Und ihr Mann als Diplom-Ingenieur. 2009 haben sie in Wrixum gleich gegen\u00fcber der M\u00fchle ein Haus gekauft und sind \u2013 nachdem sie im Ruhestand waren \u2013 2023 ganz auf die Insel gezogen. <br \/>Von Anfang an waren Ina und Harald Baumgart von der Wrixumer M\u00fchle fasziniert. Sie haben sich im M\u00fchlenverein engagiert und lassen sich jetzt als Windm\u00fcller ausbilden. Bei R\u00fcdiger Hagen haben sie die ersten Lehrg\u00e4nge absolviert. Er ist M\u00fcller, M\u00fchlenbautechniker und ehrenamtlicher Windm\u00fcller in der historischen Holl\u00e4nderm\u00fchle \u00bbPaula\u00ab in Steinhude. Seit 1972 f\u00fchlt er sich auch der Wrixumer M\u00fchle eng verbunden, hat die Zeichnungen f\u00fcr das Mahlwerk angefertigt und auch Teile des erforderlichen Equipments geliefert. Den offiziellen Lehrgang f\u00fcr freiwillige M\u00fcller besuchen die Baumgarts in Ostfriesland. Und zwar einmal im Monat ein Jahr lang. \u00bbDie Wrixumer M\u00fchle nicht als Denkmal anzusehen, sondern das alte Handwerk zu nutzen\u00ab, das ist ihr Antrieb. 2016 hat die Gemeinde Wrixum die damals sanierungsbed\u00fcrftige M\u00fchle gekauft. Gleichzeitig wurde der M\u00fchlenverein gegr\u00fcndet. Er hat heute 350 Mitglieder. \u00bbOhne deren Engagement w\u00e4re ein derartiges Vorhaben, die M\u00fchle betriebsbereit zu sanieren, erst gar nicht m\u00f6glich gewesen\u00ab, so B\u00fcrgermeisterin Heidi Braun. Die sich dar\u00fcber freut, dass sich auch wieder viele Mitglieder des M\u00fchlenvereins am Pfingstmontag in den M\u00fchlentag einbringen w\u00fcrden.<\/p>\n<p>F\u00fcr den M\u00fchlenkopf, die Fl\u00fcgel, die Windrose und das Reetdach wurden bislang 400.000 Euro investiert: Davon 50.000 Euro an F\u00f6rdermitteln, 150.000 Euro an Spenden und 200.000 Euro von der Gemeinde. Jetzt ist noch einmal eine gr\u00f6\u00dfere Investition f\u00e4llig f\u00fcr den unteren Teil, wo sich fr\u00fcher das Restaurant befand. Hier soll eine Begegnungsst\u00e4tte f\u00fcr die Gemeinde entstehen. Ein Raum f\u00fcr Veranstaltungen und Vortr\u00e4ge, der von allen genutzt werden kann. In Zukunft wird in der Wrixumer M\u00fchle also nicht nur wieder Mehl gemahlen.<\/p>\n<p>[\/et_pb_text][et_pb_image src=&#8220;https:\/\/wirinsulaner.de\/wp-content\/uploads\/2026\/04\/Wrixumer-Muehle-1-.jpg&#8220; _builder_version=&#8220;4.27.6&#8243; _module_preset=&#8220;default&#8220; theme_builder_area=&#8220;post_content&#8220; title_text=&#8220;Wrixumer M\u00fchle 1&#8243; hover_enabled=&#8220;0&#8243; sticky_enabled=&#8220;0&#8243;][\/et_pb_image][et_pb_text _builder_version=&#8220;4.27.6&#8243; _module_preset=&#8220;default&#8220; theme_builder_area=&#8220;post_content&#8220; hover_enabled=&#8220;0&#8243; sticky_enabled=&#8220;0&#8243;]<\/p>\n<p><em>Von Anfang an waren Ina und Harald Baumgart von der M\u00fchle fasziniert.<\/em><\/p>\n<p>[\/et_pb_text][\/et_pb_column][\/et_pb_row][\/et_pb_section]<\/p>\n","protected":false},"excerpt":{"rendered":"<p>Neben der historischen Bockwindm\u00fchle auf dem Gel\u00e4nde des Friesen-Museums gibt es auf F\u00f6hr noch vier weitere pr\u00e4chtige M\u00fchlen: In Wyk, in Oldsum, in Borgsum und in Wrixum. Die Wrixumer M\u00fchle \u2013 in seiner heutigen Form ein Erdholl\u00e4nder aus dem Jahr 1851 \u2013 ist allerdings die einzige M\u00fchle auf der Insel, in der noch Mehl gemahlen werden kann und bald auch wird. Denn Ina und Harald Baumgart vom M\u00fchlenverein sind gerade dabei, eine Ausbildung als ehrenamtliche M\u00fcllerin beziehungsweise ehrenamtlicher M\u00fcller zu machen. <\/p>\n","protected":false},"author":2,"featured_media":6594,"comment_status":"closed","ping_status":"open","sticky":false,"template":"","format":"standard","meta":{"_et_pb_use_builder":"on","_et_pb_old_content":"","_et_gb_content_width":"","footnotes":""},"categories":[16,6],"tags":[],"class_list":["post-6632","post","type-post","status-publish","format-standard","has-post-thumbnail","hentry","category-nachrichten","category-wrixum"],"_links":{"self":[{"href":"https:\/\/wirinsulaner.de\/index.php?rest_route=\/wp\/v2\/posts\/6632","targetHints":{"allow":["GET"]}}],"collection":[{"href":"https:\/\/wirinsulaner.de\/index.php?rest_route=\/wp\/v2\/posts"}],"about":[{"href":"https:\/\/wirinsulaner.de\/index.php?rest_route=\/wp\/v2\/types\/post"}],"author":[{"embeddable":true,"href":"https:\/\/wirinsulaner.de\/index.php?rest_route=\/wp\/v2\/users\/2"}],"replies":[{"embeddable":true,"href":"https:\/\/wirinsulaner.de\/index.php?rest_route=%2Fwp%2Fv2%2Fcomments&post=6632"}],"version-history":[{"count":2,"href":"https:\/\/wirinsulaner.de\/index.php?rest_route=\/wp\/v2\/posts\/6632\/revisions"}],"predecessor-version":[{"id":6635,"href":"https:\/\/wirinsulaner.de\/index.php?rest_route=\/wp\/v2\/posts\/6632\/revisions\/6635"}],"wp:featuredmedia":[{"embeddable":true,"href":"https:\/\/wirinsulaner.de\/index.php?rest_route=\/wp\/v2\/media\/6594"}],"wp:attachment":[{"href":"https:\/\/wirinsulaner.de\/index.php?rest_route=%2Fwp%2Fv2%2Fmedia&parent=6632"}],"wp:term":[{"taxonomy":"category","embeddable":true,"href":"https:\/\/wirinsulaner.de\/index.php?rest_route=%2Fwp%2Fv2%2Fcategories&post=6632"},{"taxonomy":"post_tag","embeddable":true,"href":"https:\/\/wirinsulaner.de\/index.php?rest_route=%2Fwp%2Fv2%2Ftags&post=6632"}],"curies":[{"name":"wp","href":"https:\/\/api.w.org\/{rel}","templated":true}]}}