{"id":6636,"date":"2026-04-28T12:14:00","date_gmt":"2026-04-28T10:14:00","guid":{"rendered":"https:\/\/wirinsulaner.de\/?p=6636"},"modified":"2026-04-23T14:14:27","modified_gmt":"2026-04-23T12:14:27","slug":"musik-am-meer-startet-in-die-saison","status":"publish","type":"post","link":"https:\/\/wirinsulaner.de\/?p=6636","title":{"rendered":"\u00bbMusik am Meer\u00ab startet in die Saison"},"content":{"rendered":"<p>[et_pb_section fb_built=&#8220;1&#8243; theme_builder_area=&#8220;post_content&#8220; _builder_version=&#8220;4.27.6&#8243; _module_preset=&#8220;default&#8220;][et_pb_row _builder_version=&#8220;4.27.6&#8243; _module_preset=&#8220;default&#8220; theme_builder_area=&#8220;post_content&#8220;][et_pb_column _builder_version=&#8220;4.27.6&#8243; _module_preset=&#8220;default&#8220; type=&#8220;4_4&#8243; theme_builder_area=&#8220;post_content&#8220;][et_pb_text _builder_version=&#8220;4.27.6&#8243; _module_preset=&#8220;default&#8220; theme_builder_area=&#8220;post_content&#8220; hover_enabled=&#8220;0&#8243; sticky_enabled=&#8220;0&#8243;]<\/p>\n<p><em>Das Publikum genie\u00dft die \u00bbMusik am Meer\u00ab mit Blick auf die Nordsee.<\/em><br \/><em>Foto: F\u00f6hr Tourismus GmbH\/Pelle Motzke<\/em><\/p>\n<p>Bereits zum sechsten Mal veranstaltet die F\u00f6hr Tourismus GmbH (FTG) ihre Konzertreihe im Musikpavillon am Sandwall und l\u00e4dt mit der \u00bbMusik am Meer\u00ab vom Fr\u00fchjahr bis in den Herbst hinein zahlreiche Bands und Musiker ein. Von Mitte Mai bis Mitte September erwartet G\u00e4ste und Einheimische ein abwechslungsreiches Programm, das mit vielf\u00e4ltigen Kl\u00e4ngen f\u00fcr besondere Momente sorgt. Neben bekannten Acts wie \u00bbTone Fish\u00ab, der Gala-Band \u00bbSwing OK\u00ab und den vielseitigen \u00bbYoung Pieces\u00ab bereichern auch neue Auftritte wie der des \u00bbCaf\u00e9 Club International\u00ab und der neu aufgestellten Band \u00bbLara Steenblock and Friends\u00ab das Programm auf der Wyker Strandpromenade. In der Saison 2026 stehen insgesamt elf verschiedene K\u00fcnstlerinnen und K\u00fcnstler und Bands im Musikpavillon auf der B\u00fchne. Ihr Programm reicht von Rock, Pop, Gala, A-cappella, Irish Folk und Indie bis hin zu Jazz und Soul. Die gro\u00dfe stilistische Bandbreite macht deutlich: Jeder Auftritt ist einzigartig und gemeinsam bieten sie ein facettenreiches Musikerlebnis unter dem Motto \u00bbMusik am Meer\u00ab.<br \/>\u00bbDie Vielfalt der K\u00fcnstlerinnen und K\u00fcnstler und Genres sowie der regelm\u00e4\u00dfige Bandwechsel sorgen f\u00fcr abwechslungsreiche Unterhaltung am Sandwall. Jetzt hoffen wir auf gutes Wetter, damit alle die Musik direkt am Meer genie\u00dfen k\u00f6nnen\u00ab, so Julia Matthias aus der Veranstaltungsabteilung der FTG.<br \/>Die Konzerte sind f\u00fcr G\u00e4ste und Einheimische auf F\u00f6hr kostenfrei zug\u00e4nglich. Dreimal t\u00e4glich erf\u00fcllen die Kl\u00e4nge der K\u00fcnstlerinnen und K\u00fcnstler die Promenade und laden zum Tanzen und Zuh\u00f6ren ein. In diesem Jahr beginnt die \u00bbMusik am Meer\u00ab aufgrund der Austragung des 26. Bridge-Festivals etwas sp\u00e4ter als in den Vorjahren. Andr\u00e9 Deininger, bekannt aus \u00bbThe Voice of Germany\u00ab, er\u00f6ffnet am 14. Mai die Konzertreihe, die am 20. September mit dem Auftritt der Gala-Band \u00bbSwing OK\u00ab ihren Abschluss findet.<br \/>Die Spielzeiten sind t\u00e4glich von 11 bis 12 Uhr, 15 bis 16 Uhr und 20 bis 21 Uhr. Ausnahmen (Uhrzeiten und spielfreie Tage) sind jeweils den aktuellen Plakaten am Musikpavillon zu entnehmen.<\/p>\n<p>&nbsp;<\/p>\n<p>[\/et_pb_text][\/et_pb_column][\/et_pb_row][\/et_pb_section]<\/p>\n","protected":false},"excerpt":{"rendered":"<p>Bereits zum sechsten Mal veranstaltet die F\u00f6hr Tourismus GmbH (FTG) ihre Konzertreihe im Musikpavillon am Sandwall und l\u00e4dt mit der \u00bbMusik am Meer\u00ab vom Fr\u00fchjahr bis in den Herbst hinein zahlreiche Bands und Musiker ein. Von Mitte Mai bis Mitte September erwartet G\u00e4ste und Einheimische ein abwechslungsreiches Programm, das mit vielf\u00e4ltigen Kl\u00e4ngen f\u00fcr besondere Momente sorgt. <\/p>\n","protected":false},"author":4,"featured_media":6590,"comment_status":"closed","ping_status":"open","sticky":false,"template":"","format":"standard","meta":{"_et_pb_use_builder":"on","_et_pb_old_content":"","_et_gb_content_width":"","footnotes":""},"categories":[16,5],"tags":[],"class_list":["post-6636","post","type-post","status-publish","format-standard","has-post-thumbnail","hentry","category-nachrichten","category-wyk"],"_links":{"self":[{"href":"https:\/\/wirinsulaner.de\/index.php?rest_route=\/wp\/v2\/posts\/6636","targetHints":{"allow":["GET"]}}],"collection":[{"href":"https:\/\/wirinsulaner.de\/index.php?rest_route=\/wp\/v2\/posts"}],"about":[{"href":"https:\/\/wirinsulaner.de\/index.php?rest_route=\/wp\/v2\/types\/post"}],"author":[{"embeddable":true,"href":"https:\/\/wirinsulaner.de\/index.php?rest_route=\/wp\/v2\/users\/4"}],"replies":[{"embeddable":true,"href":"https:\/\/wirinsulaner.de\/index.php?rest_route=%2Fwp%2Fv2%2Fcomments&post=6636"}],"version-history":[{"count":2,"href":"https:\/\/wirinsulaner.de\/index.php?rest_route=\/wp\/v2\/posts\/6636\/revisions"}],"predecessor-version":[{"id":6639,"href":"https:\/\/wirinsulaner.de\/index.php?rest_route=\/wp\/v2\/posts\/6636\/revisions\/6639"}],"wp:featuredmedia":[{"embeddable":true,"href":"https:\/\/wirinsulaner.de\/index.php?rest_route=\/wp\/v2\/media\/6590"}],"wp:attachment":[{"href":"https:\/\/wirinsulaner.de\/index.php?rest_route=%2Fwp%2Fv2%2Fmedia&parent=6636"}],"wp:term":[{"taxonomy":"category","embeddable":true,"href":"https:\/\/wirinsulaner.de\/index.php?rest_route=%2Fwp%2Fv2%2Fcategories&post=6636"},{"taxonomy":"post_tag","embeddable":true,"href":"https:\/\/wirinsulaner.de\/index.php?rest_route=%2Fwp%2Fv2%2Ftags&post=6636"}],"curies":[{"name":"wp","href":"https:\/\/api.w.org\/{rel}","templated":true}]}}