{"id":678,"date":"2022-11-29T12:00:00","date_gmt":"2022-11-29T11:00:00","guid":{"rendered":"https:\/\/wirinsulaner.de\/?p=678"},"modified":"2022-11-25T11:09:37","modified_gmt":"2022-11-25T10:09:37","slug":"advent-advent","status":"publish","type":"post","link":"https:\/\/wirinsulaner.de\/?p=678","title":{"rendered":"Advent, Advent"},"content":{"rendered":"<p>[et_pb_section fb_built=&#8220;1&#8243; _builder_version=&#8220;4.19.1&#8243; _module_preset=&#8220;default&#8220; global_colors_info=&#8220;{}&#8220;][et_pb_row _builder_version=&#8220;4.19.1&#8243; _module_preset=&#8220;default&#8220; global_colors_info=&#8220;{}&#8220;][et_pb_column type=&#8220;4_4&#8243; _builder_version=&#8220;4.19.1&#8243; _module_preset=&#8220;default&#8220; global_colors_info=&#8220;{}&#8220;][et_pb_image src=&#8220;https:\/\/wirinsulaner.de\/wp-content\/uploads\/2022\/11\/20221118_130016x.jpg&#8220; title_text=&#8220;20221118_130016x&#8220; _builder_version=&#8220;4.19.1&#8243; _module_preset=&#8220;default&#8220; global_colors_info=&#8220;{}&#8220;][\/et_pb_image][et_pb_text _builder_version=&#8220;4.19.1&#8243; _module_preset=&#8220;default&#8220; global_colors_info=&#8220;{}&#8220;]<\/p>\n<p><em>St. Nicolai w\u00fcnscht eine sch\u00f6ne Adventszeit\u00a0 Foto: Andreas Hansen<\/em><\/p>\n<p>[\/et_pb_text][\/et_pb_column][\/et_pb_row][et_pb_row _builder_version=&#8220;4.19.1&#8243; _module_preset=&#8220;default&#8220; global_colors_info=&#8220;{}&#8220;][et_pb_column type=&#8220;4_4&#8243; _builder_version=&#8220;4.19.1&#8243; _module_preset=&#8220;default&#8220; global_colors_info=&#8220;{}&#8220;][et_pb_text _builder_version=&#8220;4.19.1&#8243; _module_preset=&#8220;default&#8220; global_colors_info=&#8220;{}&#8220;]<\/p>\n<p><strong><em><\/em><\/strong><\/p>\n<p><strong><em>Lebendiger Adventskalender und weitere vorweihnachtliche Aktionen:<\/em><\/strong><\/p>\n<h1>Advent, Advent<\/h1>\n<p>Auf der Insel weihnachtet es schon sehr. Der Lebedinge Adventskalender und viele weitere vorweihnachtliche Aktionen beweisen das. Adventszeit hei\u00dft Kerzen, D\u00fcfte, Geschichten und viel Musik. Entsprechend m\u00f6chte auch die Kirchengemeinde St. Nicolai in diesem Jahr die adventliche Zeit gemeinsam besinnlich begehen und l\u00e4dt jeweils montags f\u00fcr 30 Minuten in die St. Nicolai-Kirche in Boldixum ein:<\/p>\n<p><strong>Montag, 5. Dezember, <\/strong><strong>um 18 Uhr<\/strong><br \/>\u00bbWir wecken den Nikolaus\u00ab mit Pastor Frank Menke, Anette Hansen und nat\u00fcrlich dem Nikolaus<\/p>\n<p><strong>Montag, 12. Dezember, 18 Uhr<\/strong><br \/>Adventliche Geschichten f\u00fcr Jung und Alt mit Monika Reincke<\/p>\n<p><strong>Montag, 19. Dezember, um 18 Uhr<\/strong><br \/>Offenes Singen von Weihnachtsliedern mit Martin Bruchwitz<\/p>\n<p>[\/et_pb_text][\/et_pb_column][\/et_pb_row][\/et_pb_section]<\/p>\n","protected":false},"excerpt":{"rendered":"<p>St. Nicolai w\u00fcnscht eine sch\u00f6ne Adventszeit\u00a0 Foto: Andreas Hansen Lebendiger Adventskalender und weitere vorweihnachtliche Aktionen: Advent, Advent Auf der Insel weihnachtet es schon sehr. Der Lebedinge Adventskalender und viele weitere vorweihnachtliche Aktionen beweisen das. Adventszeit hei\u00dft Kerzen, D\u00fcfte, Geschichten und viel Musik. Entsprechend m\u00f6chte auch die Kirchengemeinde St. Nicolai in diesem Jahr die adventliche Zeit [&hellip;]<\/p>\n","protected":false},"author":3,"featured_media":680,"comment_status":"closed","ping_status":"open","sticky":false,"template":"","format":"standard","meta":{"_et_pb_use_builder":"on","_et_pb_old_content":"","_et_gb_content_width":"","footnotes":""},"categories":[27,16],"tags":[],"class_list":["post-678","post","type-post","status-publish","format-standard","has-post-thumbnail","hentry","category-boldixum","category-nachrichten"],"_links":{"self":[{"href":"https:\/\/wirinsulaner.de\/index.php?rest_route=\/wp\/v2\/posts\/678","targetHints":{"allow":["GET"]}}],"collection":[{"href":"https:\/\/wirinsulaner.de\/index.php?rest_route=\/wp\/v2\/posts"}],"about":[{"href":"https:\/\/wirinsulaner.de\/index.php?rest_route=\/wp\/v2\/types\/post"}],"author":[{"embeddable":true,"href":"https:\/\/wirinsulaner.de\/index.php?rest_route=\/wp\/v2\/users\/3"}],"replies":[{"embeddable":true,"href":"https:\/\/wirinsulaner.de\/index.php?rest_route=%2Fwp%2Fv2%2Fcomments&post=678"}],"version-history":[{"count":4,"href":"https:\/\/wirinsulaner.de\/index.php?rest_route=\/wp\/v2\/posts\/678\/revisions"}],"predecessor-version":[{"id":684,"href":"https:\/\/wirinsulaner.de\/index.php?rest_route=\/wp\/v2\/posts\/678\/revisions\/684"}],"wp:featuredmedia":[{"embeddable":true,"href":"https:\/\/wirinsulaner.de\/index.php?rest_route=\/wp\/v2\/media\/680"}],"wp:attachment":[{"href":"https:\/\/wirinsulaner.de\/index.php?rest_route=%2Fwp%2Fv2%2Fmedia&parent=678"}],"wp:term":[{"taxonomy":"category","embeddable":true,"href":"https:\/\/wirinsulaner.de\/index.php?rest_route=%2Fwp%2Fv2%2Fcategories&post=678"},{"taxonomy":"post_tag","embeddable":true,"href":"https:\/\/wirinsulaner.de\/index.php?rest_route=%2Fwp%2Fv2%2Ftags&post=678"}],"curies":[{"name":"wp","href":"https:\/\/api.w.org\/{rel}","templated":true}]}}