{"id":835,"date":"2022-12-21T12:12:35","date_gmt":"2022-12-21T11:12:35","guid":{"rendered":"https:\/\/wirinsulaner.de\/?p=835"},"modified":"2022-12-21T12:12:55","modified_gmt":"2022-12-21T11:12:55","slug":"gottesdienste-zu-weihnachten","status":"publish","type":"post","link":"https:\/\/wirinsulaner.de\/?p=835","title":{"rendered":"Gottesdienste zu Weihnachten"},"content":{"rendered":"<p>[et_pb_section fb_built=&#8220;1&#8243; theme_builder_area=&#8220;post_content&#8220; _builder_version=&#8220;4.19.4&#8243; _module_preset=&#8220;default&#8220;][et_pb_row _builder_version=&#8220;4.19.4&#8243; _module_preset=&#8220;default&#8220; theme_builder_area=&#8220;post_content&#8220;][et_pb_column _builder_version=&#8220;4.19.4&#8243; _module_preset=&#8220;default&#8220; type=&#8220;4_4&#8243; theme_builder_area=&#8220;post_content&#8220;][et_pb_image src=&#8220;https:\/\/wirinsulaner.de\/wp-content\/uploads\/2022\/12\/20221204_094717.jpg&#8220; _builder_version=&#8220;4.19.4&#8243; _module_preset=&#8220;default&#8220; theme_builder_area=&#8220;post_content&#8220; title_text=&#8220;20221204_094717&#8243; hover_enabled=&#8220;0&#8243; sticky_enabled=&#8220;0&#8243;][\/et_pb_image][et_pb_text _builder_version=&#8220;4.19.4&#8243; _module_preset=&#8220;default&#8220; theme_builder_area=&#8220;post_content&#8220; hover_enabled=&#8220;0&#8243; sticky_enabled=&#8220;0&#8243;]<\/p>\n<p><em>St. Nicolai erstrahlt hell im Sternenlicht\u00a0 Foto: Konstanze Bunzel<\/em><\/p>\n<p><em><strong>Mit einem sch\u00f6nen Konzert zum Abschluss:<\/strong><\/em><\/p>\n<h1>Gottesdienste zu Weihnachten<\/h1>\n<p>\u00bbTragt in die Welt nun ein Licht.\u00ab \u2013 Herrnhuter Stern nennt sich solch ein Stern, der da hoch oben vom Gew\u00f6lbe der St. Nicolai-Kirche in Boldixum strahlt. Vor zwei Jahren wurde der Leuchtk\u00f6rper, der den Stern von Bethlehem symbolisiert, der Kirche von einem Paar zu deren Silberhochzeit geschenkt. Hell leuchten wird der Stern, wenn am Heiligabend in St. Nicolai um 15 Uhr Pr\u00e4dikantin Monika Reincke zusammen mit dem Ehepaar Oldigs den Familiengottesdienst mit Krippenspiel gestaltet. Im Anschluss leitet um 17 Uhr Pastor Frank Menke die Christvesper, in der Anette Hansen die Weihnachtsgeschichte liest und auch noch eine \u00dcberraschung wartet. Sp\u00e4tabends um 23 Uhr h\u00e4lt Monika Reinke die Christmette, mit ihrem Mann Andreas Reincke an der Orgel. Am 1. Weihnachtstag h\u00e4lt Pastor Menke dann um 10 Uhr den Sonntagsgottesdienst.<\/p>\n<p>Im Nieblumer Friesendom wird am Heiligabend um 14 Uhr im Rahmen des Gottesdienstes das traditionelle Krippenspiel aufgef\u00fchrt. Um 16 Uhr folgt die Christvesper mit dem Insel-Posaunenchor und dem Singkreis St. Johannis. Dazu singt die Brasilianerin Kacau Gomes, Tomke Castan spielt Oboe sowie Englischhorn und Birgit Wildeman bedient die Orgel. Um 23 Uhr gibt es den Gottesdienst zur Christnacht mit den Mitgliedern des Singkreises. Am 1. Weihnachtstag l\u00e4uten die Glocken zum Gottesdienst um 10 Uhr \u2013 dann wieder dabei: Kacau Gomes und Birgit Wildeman.<\/p>\n<p>In S\u00fcderendes St. Laurentii-Kirche werden die Feierlichkeiten bereits am 23. Dezember um 17 Uhr eingeleitet, wenn der Pfadfinder-Stamm Vega seine Waldweihnacht in der Kirche feiert. Am Heiligabend singt der Kinderchor um 14.30 Uhr zum Familiengottesdienst Weihnachtslieder, passend zum Krippenspiel, das Pastor Dirk Je\u00df gemeinsam mit Birke Licht vorbereitet hat. Um 16 Uhr steht die Christvesper an, die wie seit vielen Jahren gewohnt der M\u00e4nnergesangverein F\u00f6hr-West mitbegleitet. Am 1. Weihnachtstag wird seit l\u00e4ngerer Zeit um 10 Uhr einmal wieder ein Gottesdienst mit Abendmahl gefeiert. Und am 2. Weihnachtstag findet um 16 Uhr der beliebte musikalische Inselgottesdienst mit Lesungen zwischendurch statt. Mit dabei: Die Musikerinnen Birke Licht und Diana Je\u00df.<\/p>\n<p>Wer einen Ohrenschmaus der besonderen G\u00fcte erleben m\u00f6chte, muss sich bis zum 28. Dezember gedulden. Um 19 Uhr spielt dann der renommierte Hamburger Kirchenmusiker Thomas Dahl weihnachtliche Musikthemen wie Bach in Boldixums St. Nicolai-Kirche. Der Kantor und Organist ist bereits in Notre Dame, dem K\u00f6lner Dom und in der Londoner Westminster Abbey aufgetreten. Bald also auch in St. Nicolai\u00a0<\/p>\n<p>[\/et_pb_text][\/et_pb_column][\/et_pb_row][\/et_pb_section]<\/p>\n","protected":false},"excerpt":{"rendered":"<p>St. Nicolai erstrahlt hell im Sternenlicht\u00a0 Foto: Konstanze Bunzel Mit einem sch\u00f6nen Konzert zum Abschluss: Gottesdienste zu Weihnachten \u00bbTragt in die Welt nun ein Licht.\u00ab \u2013 Herrnhuter Stern nennt sich solch ein Stern, der da hoch oben vom Gew\u00f6lbe der St. Nicolai-Kirche in Boldixum strahlt. Vor zwei Jahren wurde der Leuchtk\u00f6rper, der den Stern von [&hellip;]<\/p>\n","protected":false},"author":3,"featured_media":794,"comment_status":"closed","ping_status":"open","sticky":false,"template":"","format":"standard","meta":{"_et_pb_use_builder":"on","_et_pb_old_content":"","_et_gb_content_width":"","footnotes":""},"categories":[27,16],"tags":[],"class_list":["post-835","post","type-post","status-publish","format-standard","has-post-thumbnail","hentry","category-boldixum","category-nachrichten"],"_links":{"self":[{"href":"https:\/\/wirinsulaner.de\/index.php?rest_route=\/wp\/v2\/posts\/835","targetHints":{"allow":["GET"]}}],"collection":[{"href":"https:\/\/wirinsulaner.de\/index.php?rest_route=\/wp\/v2\/posts"}],"about":[{"href":"https:\/\/wirinsulaner.de\/index.php?rest_route=\/wp\/v2\/types\/post"}],"author":[{"embeddable":true,"href":"https:\/\/wirinsulaner.de\/index.php?rest_route=\/wp\/v2\/users\/3"}],"replies":[{"embeddable":true,"href":"https:\/\/wirinsulaner.de\/index.php?rest_route=%2Fwp%2Fv2%2Fcomments&post=835"}],"version-history":[{"count":2,"href":"https:\/\/wirinsulaner.de\/index.php?rest_route=\/wp\/v2\/posts\/835\/revisions"}],"predecessor-version":[{"id":837,"href":"https:\/\/wirinsulaner.de\/index.php?rest_route=\/wp\/v2\/posts\/835\/revisions\/837"}],"wp:featuredmedia":[{"embeddable":true,"href":"https:\/\/wirinsulaner.de\/index.php?rest_route=\/wp\/v2\/media\/794"}],"wp:attachment":[{"href":"https:\/\/wirinsulaner.de\/index.php?rest_route=%2Fwp%2Fv2%2Fmedia&parent=835"}],"wp:term":[{"taxonomy":"category","embeddable":true,"href":"https:\/\/wirinsulaner.de\/index.php?rest_route=%2Fwp%2Fv2%2Fcategories&post=835"},{"taxonomy":"post_tag","embeddable":true,"href":"https:\/\/wirinsulaner.de\/index.php?rest_route=%2Fwp%2Fv2%2Ftags&post=835"}],"curies":[{"name":"wp","href":"https:\/\/api.w.org\/{rel}","templated":true}]}}